{"id":8301,"date":"2026-04-27T18:11:56","date_gmt":"2026-04-27T22:11:56","guid":{"rendered":"https:\/\/community.camerisefsl.ca\/?p=8301"},"modified":"2026-04-27T18:11:58","modified_gmt":"2026-04-27T22:11:58","slug":"integrer-lia-de-facon-ethique-dans-lenseignement-des-langues","status":"publish","type":"post","link":"https:\/\/community.camerisefsl.ca\/integrer-lia-de-facon-ethique-dans-lenseignement-des-langues\/","title":{"rendered":"Int\u00e9grer l\u2019IA de fa\u00e7on \u00e9thique dans l\u2019enseignement des langues"},"content":{"rendered":"\n<p class=\"wp-block-paragraph\">L\u2019intelligence artificielle (IA) r\u00e9volutionne rapidement l\u2019enseignement des langues, imposant un d\u00e9fi majeur aux <strong>apprenants et \u00e9ducateurs<\/strong> pour s\u2019adapter efficacement. Le professeur J\u00e9r\u00e9mie S\u00e9ror, titulaire de la Chaire de recherche en apprentissage des langues m\u00e9diatis\u00e9 par les technologies et l\u2019IA \u00e0 l\u2019Universit\u00e9 d\u2019Ottawa, explore comment int\u00e9grer cette technologie de mani\u00e8re <strong>critique, \u00e9thique<\/strong> et centr\u00e9e sur l\u2019humain.<\/p>\n\n\n\n<h2 class=\"wp-block-heading\">\ud83d\udcbb Une chaire d\u00e9di\u00e9e aux usages p\u00e9dagogiques et aux enjeux de l\u2019IA<\/h2>\n\n\n\n<p class=\"wp-block-paragraph\">Cette chaire agit comme un p\u00f4le d\u2019excellence pour les <strong>politiques publiques<\/strong> et les <strong>bonnes pratiques<\/strong> dans l\u2019enseignement des langues, renfor\u00e7ant la <strong>recherche et la collaboration<\/strong> internationale de l\u2019Universit\u00e9 d\u2019Ottawa. Elle examine notamment les possibilit\u00e9s offertes par l\u2019IA pour faciliter la <strong>r\u00e9troaction et la r\u00e9vision<\/strong> de textes ainsi que l\u2019am\u00e9lioration des comp\u00e9tences en lecture.<\/p>\n\n\n\n<p class=\"wp-block-paragraph\">Un autre volet essentiel porte sur la <strong>litt\u00e9ratie en intelligence artificielle<\/strong>, c\u2019est-\u00e0-dire le savoir-faire des \u00e9tudiants et enseignants pour utiliser ces outils de mani\u00e8re s\u00fbre et \u00e9clair\u00e9e, afin que l\u2019IA soutienne v\u00e9ritablement <strong>l\u2019apprentissage au lieu de le compromettre<\/strong>. Par ailleurs, la chaire promeut des approches qui valorisent les <strong>r\u00e9pertoires bi\/plurilingues<\/strong> des apprenants.<\/p>\n\n\n\n<p class=\"wp-block-paragraph\">Engag\u00e9 dans des r\u00e9seaux internationaux, J\u00e9r\u00e9mie S\u00e9ror contribue notamment \u00e0 l\u2019initiative AI LANG du Centre europ\u00e9en pour les langues vivantes, visant \u00e0 d\u00e9velopper un cadre de r\u00e9f\u00e9rence pour l\u2019enseignement des langues \u00e0 l\u2019\u00e8re de l\u2019IA, et collabore avec <strong>Circle U<\/strong> pour faire progresser la recherche sur le <strong>multilinguisme et l\u2019interculturalit\u00e9<\/strong>.<\/p>\n\n\n\n<h2 class=\"wp-block-heading\">\ud83c\udf93 L\u2019humain au centre d\u2019un usage prudent et \u00e9clair\u00e9<\/h2>\n\n\n\n<p class=\"wp-block-paragraph\">La recherche questionne l\u2019int\u00e9gration de l\u2019IA en tenant compte des relations <strong>humaines, du jugement<\/strong> et de la <strong>cr\u00e9ativit\u00e9<\/strong>. J\u00e9r\u00e9mie S\u00e9ror souligne l\u2019importance d\u2019aider <strong>enseignants et apprenants<\/strong> \u00e0 comprendre les limites de l\u2019IA et \u00e0 l\u2019utiliser de fa\u00e7on s\u00e9curitaire. Sa r\u00e9flexion s\u2019organise autour de questions cl\u00e9s telles que l\u2019\u00e2ge d\u2019initiation \u00e0 l\u2019IA, <strong>l\u2019usage autonome<\/strong> ou encadr\u00e9, la formation du personnel enseignant, et les conditions \u00e9thiques, <strong>l\u00e9gales et s\u00e9curitaires<\/strong> \u00e0 garantir dans les \u00e9tablissements.<\/p>\n\n\n\n<p class=\"wp-block-paragraph\">Il met aussi en avant la notion de <strong>litt\u00e9ratie humaine<\/strong>, d\u00e9finie comme la capacit\u00e9 \u00e0 cultiver les aspects humains des interactions, et rappelle que plus la technologie participe \u00e0 la construction du sens, plus la dimension humaine doit <strong>gagner en importance<\/strong>.<\/p>\n\n\n\n<h2 class=\"wp-block-heading\">\ud83d\udcda Au-del\u00e0 de la recherche : formation, ressources et engagement<\/h2>\n\n\n\n<p class=\"wp-block-paragraph\">J\u00e9r\u00e9mie S\u00e9ror ne se limite pas \u00e0 la publication scientifique. Il d\u00e9veloppe des <strong>formations et ateliers<\/strong> pour accompagner le personnel enseignant et les parents dans la ma\u00eetrise \u00e9thique de l\u2019IA en milieu \u00e9ducatif. Ces ressources s\u2019appuient sur les <strong>meilleures pratiques p\u00e9dagogiques<\/strong> concernant l\u2019\u00e9laboration des le\u00e7ons et la conception des t\u00e2ches.<\/p>\n\n\n\n<p class=\"wp-block-paragraph\">Pour les d\u00e9cideurs, ses travaux offrent des rep\u00e8res sur les <strong>cadres juridiques et la gouvernance<\/strong> n\u00e9cessaire \u00e0 un usage responsable, tandis que pour le grand public, il contribue \u00e0 des <strong>activit\u00e9s communautaires et discussions<\/strong> pour que la recherche reste connect\u00e9e aux r\u00e9alit\u00e9s sociales.<\/p>\n\n\n\n<figure class=\"article-image\" style=\"margin: 0px 0; margin-bottom: 1.5em;\">\n    <img decoding=\"async\" src=\"https:\/\/community.camerisefsl.ca\/wp-content\/uploads\/2026\/04\/image1-6.jpg\" style=\"\n      width: 100%;\n      max-height: 350px;\n      border-radius: 7px;\n      object-fit: cover;\n      display: block;\n    \" \/>\n  <\/figure>\n\n\n\n<p class=\"wp-block-paragraph\">Selon lui, un enseignement des langues r\u00e9fl\u00e9chi peut profond\u00e9ment <strong>transformer la vie<\/strong>, ouvrant <strong>des horizons et des compr\u00e9hensions<\/strong> qu\u2019aucune machine ne saurait remplacer.<\/p>\n\n\n\n<h2 class=\"wp-block-heading\">\ud83c\udf0d Qu\u2019est-ce qu\u2019une chaire de recherche?<\/h2>\n\n\n\n<p class=\"wp-block-paragraph\">Une chaire de recherche soutient un membre du corps professoral dans le d\u00e9ploiement d\u2019un projet prioritaire en lui fournissant <strong>cadre institutionnel<\/strong>, <strong>financement<\/strong> et <strong>temps d\u00e9di\u00e9<\/strong>. Elle devient un centre d\u2019expertise qui peut attirer des talents, tisser des r\u00e9seaux et influencer les politiques et pratiques dans son domaine.<\/p>\n\n\n\n<p class=\"wp-block-paragraph\"><em>Version anglaise de l\u2019article traduite gr\u00e2ce \u00e0 l\u2019IA.<\/em><\/p>\n\n\n\n<h2 class=\"wp-block-heading\">Source & Cr\u00e9dits<\/h2>\n\n\n\n<p class=\"wp-block-paragraph\">Auteur : <strong>J\u00e9r\u00e9mie S\u00e9ror<\/strong><\/p>\n\n\n\n<p class=\"wp-block-paragraph\">Article original : <a href=\"https:\/\/www.uottawa.ca\/notre-universite\/toutes-nouvelles\/chronique-bout-langue-integrer-lia-facon-informee-lenseignement-langues-ayant\" target=\"_blank\">https:\/\/www.uottawa.ca\/notre-universite\/toutes-nouvelles\/chronique-bout-langue-integrer-lia-facon-informee-lenseignement-langues-ayant<\/a><\/p>\n<button class=\"simplefavorite-button\" data-postid=\"8301\" data-siteid=\"1\" data-groupid=\"1\" data-favoritecount=\"0\" style=\"\">Ajouter aux favoris<\/button>","protected":false},"excerpt":{"rendered":"<p>L\u2019intelligence artificielle (IA) r\u00e9volutionne rapidement l\u2019enseignement des langues, imposant un d\u00e9fi majeur aux apprenants et \u00e9ducateurs pour s\u2019adapter efficacement. Le professeur J\u00e9r\u00e9mie S\u00e9ror, titulaire de la Chaire de recherche en apprentissage des langues m\u00e9diatis\u00e9 par les technologies et l\u2019IA \u00e0 l\u2019Universit\u00e9 d\u2019Ottawa, explore comment int\u00e9grer cette technologie de mani\u00e8re critique, \u00e9thique et centr\u00e9e sur l\u2019humain. \ud83d\udcbb Une chaire d\u00e9di\u00e9e aux usages p\u00e9dagogiques et aux enjeux de l\u2019IA Cette chaire agit comme un p\u00f4le d\u2019excellence pour\u2026<\/p>\n","protected":false},"author":5,"featured_media":5285,"comment_status":"open","ping_status":"open","sticky":false,"template":"","format":"standard","meta":{"footnotes":""},"categories":[118],"tags":[203,351,627,201,628],"class_list":["post-8301","post","type-post","status-publish","format-standard","has-post-thumbnail","hentry","category-ilob","tag-ethique-de-l-ia","tag-enseignement-des-langues","tag-formation-pedagogique","tag-intelligence-artificielle","tag-litteratie-numerique"],"comments_count":"3","author_avatar_url":"https:\/\/community.camerisefsl.ca\/wp-content\/uploads\/avatars\/5\/68e8d433b38ca-bpthumb.jpg","primary_category_label":"ILOB","content_native":[{"type":"core\/paragraph","render":"<p class=\"wp-block-paragraph\">L\u2019intelligence artificielle (IA) r\u00e9volutionne rapidement l\u2019enseignement des langues, imposant un d\u00e9fi majeur aux <strong>apprenants et \u00e9ducateurs<\/strong> pour s\u2019adapter efficacement. Le professeur J\u00e9r\u00e9mie S\u00e9ror, titulaire de la Chaire de recherche en apprentissage des langues m\u00e9diatis\u00e9 par les technologies et l\u2019IA \u00e0 l\u2019Universit\u00e9 d\u2019Ottawa, explore comment int\u00e9grer cette technologie de mani\u00e8re <strong>critique, \u00e9thique<\/strong> et centr\u00e9e sur l\u2019humain.<\/p>","content":[{"type":"text","data":"<p class=\"wp-block-paragraph\">L\u2019intelligence artificielle (IA) r\u00e9volutionne rapidement l\u2019enseignement des langues, imposant un d\u00e9fi majeur aux <strong>apprenants et \u00e9ducateurs<\/strong> pour s\u2019adapter efficacement. Le professeur J\u00e9r\u00e9mie S\u00e9ror, titulaire de la Chaire de recherche en apprentissage des langues m\u00e9diatis\u00e9 par les technologies et l\u2019IA \u00e0 l\u2019Universit\u00e9 d\u2019Ottawa, explore comment int\u00e9grer cette technologie de mani\u00e8re <strong>critique, \u00e9thique<\/strong> et centr\u00e9e sur l\u2019humain.<\/p>"}],"data":[],"style":{"textAlign":"left","color":"","dropCap":false,"parent_style":{}}},{"type":"core\/heading","render":"<h2 class=\"wp-block-heading\">\ud83d\udcbb Une chaire d\u00e9di\u00e9e aux usages p\u00e9dagogiques et aux enjeux de l\u2019IA<\/h2>","content":"\ud83d\udcbb Une chaire d\u00e9di\u00e9e aux usages p\u00e9dagogiques et aux enjeux de l\u2019IA","data":[],"style":{"align":"left","parent_style":{},"header":"h2","fontSize":"27px"}},{"type":"core\/paragraph","render":"<p class=\"wp-block-paragraph\">Cette chaire agit comme un p\u00f4le d\u2019excellence pour les <strong>politiques publiques<\/strong> et les <strong>bonnes pratiques<\/strong> dans l\u2019enseignement des langues, renfor\u00e7ant la <strong>recherche et la collaboration<\/strong> internationale de l\u2019Universit\u00e9 d\u2019Ottawa. Elle examine notamment les possibilit\u00e9s offertes par l\u2019IA pour faciliter la <strong>r\u00e9troaction et la r\u00e9vision<\/strong> de textes ainsi que l\u2019am\u00e9lioration des comp\u00e9tences en lecture.<\/p>","content":[{"type":"text","data":"<p class=\"wp-block-paragraph\">Cette chaire agit comme un p\u00f4le d\u2019excellence pour les <strong>politiques publiques<\/strong> et les <strong>bonnes pratiques<\/strong> dans l\u2019enseignement des langues, renfor\u00e7ant la <strong>recherche et la collaboration<\/strong> internationale de l\u2019Universit\u00e9 d\u2019Ottawa. Elle examine notamment les possibilit\u00e9s offertes par l\u2019IA pour faciliter la <strong>r\u00e9troaction et la r\u00e9vision<\/strong> de textes ainsi que l\u2019am\u00e9lioration des comp\u00e9tences en lecture.<\/p>"}],"data":[],"style":{"textAlign":"left","color":"","dropCap":false,"parent_style":{}}},{"type":"core\/paragraph","render":"<p class=\"wp-block-paragraph\">Un autre volet essentiel porte sur la <strong>litt\u00e9ratie en intelligence artificielle<\/strong>, c\u2019est-\u00e0-dire le savoir-faire des \u00e9tudiants et enseignants pour utiliser ces outils de mani\u00e8re s\u00fbre et \u00e9clair\u00e9e, afin que l\u2019IA soutienne v\u00e9ritablement <strong>l\u2019apprentissage au lieu de le compromettre<\/strong>. Par ailleurs, la chaire promeut des approches qui valorisent les <strong>r\u00e9pertoires bi\/plurilingues<\/strong> des apprenants.<\/p>","content":[{"type":"text","data":"<p class=\"wp-block-paragraph\">Un autre volet essentiel porte sur la <strong>litt\u00e9ratie en intelligence artificielle<\/strong>, c\u2019est-\u00e0-dire le savoir-faire des \u00e9tudiants et enseignants pour utiliser ces outils de mani\u00e8re s\u00fbre et \u00e9clair\u00e9e, afin que l\u2019IA soutienne v\u00e9ritablement <strong>l\u2019apprentissage au lieu de le compromettre<\/strong>. Par ailleurs, la chaire promeut des approches qui valorisent les <strong>r\u00e9pertoires bi\/plurilingues<\/strong> des apprenants.<\/p>"}],"data":[],"style":{"textAlign":"left","color":"","dropCap":false,"parent_style":{}}},{"type":"core\/paragraph","render":"<p class=\"wp-block-paragraph\">Engag\u00e9 dans des r\u00e9seaux internationaux, J\u00e9r\u00e9mie S\u00e9ror contribue notamment \u00e0 l\u2019initiative AI LANG du Centre europ\u00e9en pour les langues vivantes, visant \u00e0 d\u00e9velopper un cadre de r\u00e9f\u00e9rence pour l\u2019enseignement des langues \u00e0 l\u2019\u00e8re de l\u2019IA, et collabore avec <strong>Circle U<\/strong> pour faire progresser la recherche sur le <strong>multilinguisme et l\u2019interculturalit\u00e9<\/strong>.<\/p>","content":[{"type":"text","data":"<p class=\"wp-block-paragraph\">Engag\u00e9 dans des r\u00e9seaux internationaux, J\u00e9r\u00e9mie S\u00e9ror contribue notamment \u00e0 l\u2019initiative AI LANG du Centre europ\u00e9en pour les langues vivantes, visant \u00e0 d\u00e9velopper un cadre de r\u00e9f\u00e9rence pour l\u2019enseignement des langues \u00e0 l\u2019\u00e8re de l\u2019IA, et collabore avec <strong>Circle U<\/strong> pour faire progresser la recherche sur le <strong>multilinguisme et l\u2019interculturalit\u00e9<\/strong>.<\/p>"}],"data":[],"style":{"textAlign":"left","color":"","dropCap":false,"parent_style":{}}},{"type":"core\/heading","render":"<h2 class=\"wp-block-heading\">\ud83c\udf93 L\u2019humain au centre d\u2019un usage prudent et \u00e9clair\u00e9<\/h2>","content":"\ud83c\udf93 L\u2019humain au centre d\u2019un usage prudent et \u00e9clair\u00e9","data":[],"style":{"align":"left","parent_style":{},"header":"h2","fontSize":"27px"}},{"type":"core\/paragraph","render":"<p class=\"wp-block-paragraph\">La recherche questionne l\u2019int\u00e9gration de l\u2019IA en tenant compte des relations <strong>humaines, du jugement<\/strong> et de la <strong>cr\u00e9ativit\u00e9<\/strong>. J\u00e9r\u00e9mie S\u00e9ror souligne l\u2019importance d\u2019aider <strong>enseignants et apprenants<\/strong> \u00e0 comprendre les limites de l\u2019IA et \u00e0 l\u2019utiliser de fa\u00e7on s\u00e9curitaire. Sa r\u00e9flexion s\u2019organise autour de questions cl\u00e9s telles que l\u2019\u00e2ge d\u2019initiation \u00e0 l\u2019IA, <strong>l\u2019usage autonome<\/strong> ou encadr\u00e9, la formation du personnel enseignant, et les conditions \u00e9thiques, <strong>l\u00e9gales et s\u00e9curitaires<\/strong> \u00e0 garantir dans les \u00e9tablissements.<\/p>","content":[{"type":"text","data":"<p class=\"wp-block-paragraph\">La recherche questionne l\u2019int\u00e9gration de l\u2019IA en tenant compte des relations <strong>humaines, du jugement<\/strong> et de la <strong>cr\u00e9ativit\u00e9<\/strong>. J\u00e9r\u00e9mie S\u00e9ror souligne l\u2019importance d\u2019aider <strong>enseignants et apprenants<\/strong> \u00e0 comprendre les limites de l\u2019IA et \u00e0 l\u2019utiliser de fa\u00e7on s\u00e9curitaire. Sa r\u00e9flexion s\u2019organise autour de questions cl\u00e9s telles que l\u2019\u00e2ge d\u2019initiation \u00e0 l\u2019IA, <strong>l\u2019usage autonome<\/strong> ou encadr\u00e9, la formation du personnel enseignant, et les conditions \u00e9thiques, <strong>l\u00e9gales et s\u00e9curitaires<\/strong> \u00e0 garantir dans les \u00e9tablissements.<\/p>"}],"data":[],"style":{"textAlign":"left","color":"","dropCap":false,"parent_style":{}}},{"type":"core\/paragraph","render":"<p class=\"wp-block-paragraph\">Il met aussi en avant la notion de <strong>litt\u00e9ratie humaine<\/strong>, d\u00e9finie comme la capacit\u00e9 \u00e0 cultiver les aspects humains des interactions, et rappelle que plus la technologie participe \u00e0 la construction du sens, plus la dimension humaine doit <strong>gagner en importance<\/strong>.<\/p>","content":[{"type":"text","data":"<p class=\"wp-block-paragraph\">Il met aussi en avant la notion de <strong>litt\u00e9ratie humaine<\/strong>, d\u00e9finie comme la capacit\u00e9 \u00e0 cultiver les aspects humains des interactions, et rappelle que plus la technologie participe \u00e0 la construction du sens, plus la dimension humaine doit <strong>gagner en importance<\/strong>.<\/p>"}],"data":[],"style":{"textAlign":"left","color":"","dropCap":false,"parent_style":{}}},{"type":"core\/heading","render":"<h2 class=\"wp-block-heading\">\ud83d\udcda Au-del\u00e0 de la recherche : formation, ressources et engagement<\/h2>","content":"\ud83d\udcda Au-del\u00e0 de la recherche : formation, ressources et engagement","data":[],"style":{"align":"left","parent_style":{},"header":"h2","fontSize":"27px"}},{"type":"core\/paragraph","render":"<p class=\"wp-block-paragraph\">J\u00e9r\u00e9mie S\u00e9ror ne se limite pas \u00e0 la publication scientifique. Il d\u00e9veloppe des <strong>formations et ateliers<\/strong> pour accompagner le personnel enseignant et les parents dans la ma\u00eetrise \u00e9thique de l\u2019IA en milieu \u00e9ducatif. Ces ressources s\u2019appuient sur les <strong>meilleures pratiques p\u00e9dagogiques<\/strong> concernant l\u2019\u00e9laboration des le\u00e7ons et la conception des t\u00e2ches.<\/p>","content":[{"type":"text","data":"<p class=\"wp-block-paragraph\">J\u00e9r\u00e9mie S\u00e9ror ne se limite pas \u00e0 la publication scientifique. Il d\u00e9veloppe des <strong>formations et ateliers<\/strong> pour accompagner le personnel enseignant et les parents dans la ma\u00eetrise \u00e9thique de l\u2019IA en milieu \u00e9ducatif. Ces ressources s\u2019appuient sur les <strong>meilleures pratiques p\u00e9dagogiques<\/strong> concernant l\u2019\u00e9laboration des le\u00e7ons et la conception des t\u00e2ches.<\/p>"}],"data":[],"style":{"textAlign":"left","color":"","dropCap":false,"parent_style":{}}},{"type":"core\/paragraph","render":"<p class=\"wp-block-paragraph\">Pour les d\u00e9cideurs, ses travaux offrent des rep\u00e8res sur les <strong>cadres juridiques et la gouvernance<\/strong> n\u00e9cessaire \u00e0 un usage responsable, tandis que pour le grand public, il contribue \u00e0 des <strong>activit\u00e9s communautaires et discussions<\/strong> pour que la recherche reste connect\u00e9e aux r\u00e9alit\u00e9s sociales.<\/p>","content":[{"type":"text","data":"<p class=\"wp-block-paragraph\">Pour les d\u00e9cideurs, ses travaux offrent des rep\u00e8res sur les <strong>cadres juridiques et la gouvernance<\/strong> n\u00e9cessaire \u00e0 un usage responsable, tandis que pour le grand public, il contribue \u00e0 des <strong>activit\u00e9s communautaires et discussions<\/strong> pour que la recherche reste connect\u00e9e aux r\u00e9alit\u00e9s sociales.<\/p>"}],"data":[],"style":{"textAlign":"left","color":"","dropCap":false,"parent_style":{}}},{"type":"core\/html","render":"<figure class=\"article-image\" style=\"margin: 0px 0; margin-bottom: 1.5em;\">\n    <img src=\"https:\/\/community.camerisefsl.ca\/wp-content\/uploads\/2026\/04\/image1-6.jpg\" style=\"\n      width: 100%;\n      max-height: 350px;\n      border-radius: 7px;\n      object-fit: cover;\n      display: block;\n    \" \/>\n  <\/figure>","content":"<figure class=\"article-image\" style=\"margin: 0px 0; margin-bottom: 1.5em;\">\n    <img src=\"https:\/\/community.camerisefsl.ca\/wp-content\/uploads\/2026\/04\/image1-6.jpg\" style=\"\n      width: 100%;\n      max-height: 350px;\n      border-radius: 7px;\n      object-fit: cover;\n      display: block;\n    \" \/>\n  <\/figure>","data":[],"style":[]},{"type":"core\/paragraph","render":"<p class=\"wp-block-paragraph\">Selon lui, un enseignement des langues r\u00e9fl\u00e9chi peut profond\u00e9ment <strong>transformer la vie<\/strong>, ouvrant <strong>des horizons et des compr\u00e9hensions<\/strong> qu\u2019aucune machine ne saurait remplacer.<\/p>","content":[{"type":"text","data":"<p class=\"wp-block-paragraph\">Selon lui, un enseignement des langues r\u00e9fl\u00e9chi peut profond\u00e9ment <strong>transformer la vie<\/strong>, ouvrant <strong>des horizons et des compr\u00e9hensions<\/strong> qu\u2019aucune machine ne saurait remplacer.<\/p>"}],"data":[],"style":{"textAlign":"left","color":"","dropCap":false,"parent_style":{}}},{"type":"core\/heading","render":"<h2 class=\"wp-block-heading\">\ud83c\udf0d Qu\u2019est-ce qu\u2019une chaire de recherche?<\/h2>","content":"\ud83c\udf0d Qu\u2019est-ce qu\u2019une chaire de recherche?","data":[],"style":{"align":"left","parent_style":{},"header":"h2","fontSize":"27px"}},{"type":"core\/paragraph","render":"<p class=\"wp-block-paragraph\">Une chaire de recherche soutient un membre du corps professoral dans le d\u00e9ploiement d\u2019un projet prioritaire en lui fournissant <strong>cadre institutionnel<\/strong>, <strong>financement<\/strong> et <strong>temps d\u00e9di\u00e9<\/strong>. Elle devient un centre d\u2019expertise qui peut attirer des talents, tisser des r\u00e9seaux et influencer les politiques et pratiques dans son domaine.<\/p>","content":[{"type":"text","data":"<p class=\"wp-block-paragraph\">Une chaire de recherche soutient un membre du corps professoral dans le d\u00e9ploiement d\u2019un projet prioritaire en lui fournissant <strong>cadre institutionnel<\/strong>, <strong>financement<\/strong> et <strong>temps d\u00e9di\u00e9<\/strong>. Elle devient un centre d\u2019expertise qui peut attirer des talents, tisser des r\u00e9seaux et influencer les politiques et pratiques dans son domaine.<\/p>"}],"data":[],"style":{"textAlign":"left","color":"","dropCap":false,"parent_style":{}}},{"type":"core\/paragraph","render":"<p class=\"wp-block-paragraph\"><em>Version anglaise de l'article traduite gr\u00e2ce \u00e0 l'IA.<\/em><\/p>","content":[{"type":"text","data":"<p class=\"wp-block-paragraph\"><em>Version anglaise de l'article traduite gr\u00e2ce \u00e0 l'IA.<\/em><\/p>"}],"data":[],"style":{"textAlign":"left","color":"","dropCap":false,"parent_style":{}}},{"type":"core\/heading","render":"<h2 class=\"wp-block-heading\">Source &amp; Cr\u00e9dits<\/h2>","content":"Source &amp; Cr\u00e9dits","data":[],"style":{"align":"left","parent_style":{},"header":"h2","fontSize":"27px"}},{"type":"core\/paragraph","render":"<p class=\"wp-block-paragraph\">Auteur : <strong>J\u00e9r\u00e9mie S\u00e9ror<\/strong><\/p>","content":[{"type":"text","data":"<p class=\"wp-block-paragraph\">Auteur : <strong>J\u00e9r\u00e9mie S\u00e9ror<\/strong><\/p>"}],"data":[],"style":{"textAlign":"left","color":"","dropCap":false,"parent_style":{}}},{"type":"core\/paragraph","render":"<p class=\"wp-block-paragraph\">Article original : <a href=\"https:\/\/www.uottawa.ca\/notre-universite\/toutes-nouvelles\/chronique-bout-langue-integrer-lia-facon-informee-lenseignement-langues-ayant\" target=\"_blank\">https:\/\/www.uottawa.ca\/notre-universite\/toutes-nouvelles\/chronique-bout-langue-integrer-lia-facon-informee-lenseignement-langues-ayant<\/a><\/p>","content":[{"type":"text","data":"<p class=\"wp-block-paragraph\">Article original : <a href=\"https:\/\/www.uottawa.ca\/notre-universite\/toutes-nouvelles\/chronique-bout-langue-integrer-lia-facon-informee-lenseignement-langues-ayant\" target=\"_blank\">https:\/\/www.uottawa.ca\/notre-universite\/toutes-nouvelles\/chronique-bout-langue-integrer-lia-facon-informee-lenseignement-langues-ayant<\/a><\/p>"}],"data":[],"style":{"textAlign":"left","color":"","dropCap":false,"parent_style":{}}}],"wpml_current_locale":"fr_FR","wpml_translations":{"en_US":{"locale":"en_US","id":8303,"slug":"integrating-ai-ethically-into-language-teaching","post_title":"Integrating AI Ethically into Language Teaching","href":"https:\/\/community.camerisefsl.ca\/en\/integrating-ai-ethically-into-language-teaching\/"}},"app_access":{"can_access":true,"restrict_message":null},"language":{"code":"fr","locale":"","name":"","is_rtl":false},"_links":{"self":[{"href":"https:\/\/community.camerisefsl.ca\/wp-json\/wp\/v2\/posts\/8301","targetHints":{"allow":["GET"]}}],"collection":[{"href":"https:\/\/community.camerisefsl.ca\/wp-json\/wp\/v2\/posts"}],"about":[{"href":"https:\/\/community.camerisefsl.ca\/wp-json\/wp\/v2\/types\/post"}],"author":[{"embeddable":true,"href":"https:\/\/community.camerisefsl.ca\/wp-json\/wp\/v2\/users\/5"}],"replies":[{"embeddable":true,"href":"https:\/\/community.camerisefsl.ca\/wp-json\/wp\/v2\/comments?post=8301"}],"version-history":[{"count":1,"href":"https:\/\/community.camerisefsl.ca\/wp-json\/wp\/v2\/posts\/8301\/revisions"}],"predecessor-version":[{"id":8302,"href":"https:\/\/community.camerisefsl.ca\/wp-json\/wp\/v2\/posts\/8301\/revisions\/8302"}],"wp:featuredmedia":[{"embeddable":true,"href":"https:\/\/community.camerisefsl.ca\/wp-json\/wp\/v2\/media\/5285"}],"wp:attachment":[{"href":"https:\/\/community.camerisefsl.ca\/wp-json\/wp\/v2\/media?parent=8301"}],"wp:term":[{"taxonomy":"category","embeddable":true,"href":"https:\/\/community.camerisefsl.ca\/wp-json\/wp\/v2\/categories?post=8301"},{"taxonomy":"post_tag","embeddable":true,"href":"https:\/\/community.camerisefsl.ca\/wp-json\/wp\/v2\/tags?post=8301"}],"curies":[{"name":"wp","href":"https:\/\/api.w.org\/{rel}","templated":true}]}}