{"id":8293,"date":"2026-05-14T15:14:00","date_gmt":"2026-05-14T19:14:00","guid":{"rendered":"https:\/\/community.camerisefsl.ca\/?p=8293"},"modified":"2026-05-13T13:19:39","modified_gmt":"2026-05-13T17:19:39","slug":"combler-lecart-entre-recherche-et-pratique-en-didactique-des-l2","status":"publish","type":"post","link":"https:\/\/community.camerisefsl.ca\/combler-lecart-entre-recherche-et-pratique-en-didactique-des-l2\/","title":{"rendered":"Combler l\u2019\u00e9cart entre recherche et pratique en didactique des L2"},"content":{"rendered":"\n<p class=\"wp-block-paragraph\">Le lien entre la <strong>recherche scientifique<\/strong> et la <strong>pratique en didactique<\/strong> des langues secondes (L2) suscite un vif int\u00e9r\u00eat depuis les ann\u00e9es 90. <strong>Initiatives vari\u00e9es<\/strong> visent \u00e0 rendre les r\u00e9sultats de la recherche accessibles aux enseignants, comme les r\u00e9sum\u00e9s Open Accessible Summaries in Language Studies (OASIS), des bases de donn\u00e9es de t\u00e2ches TBLT, ou les congr\u00e8s professionnels. Pourtant, malgr\u00e9 ces ressources, un <strong>dialogue productif<\/strong> entre chercheurs et praticiens reste difficile \u00e0 instaurer.<\/p>\n\n\n\n<h2 class=\"wp-block-heading\">\ud83c\udf93 R\u00e9flexions personnelles sur le lien recherche-pratique<\/h2>\n\n\n\n<p class=\"wp-block-paragraph\">D\u00e8s mes d\u00e9buts universitaires, j\u2019ai constat\u00e9 que le contenu propos\u00e9 dans les formations ne suffisait pas \u00e0 outiller efficacement les futurs enseignants. <strong>Les connaissances sont souvent trop th\u00e9oriques<\/strong> et paraissent parfois comme des <strong>connaissances inertes<\/strong> difficilement recyclables en contexte p\u00e9dagogique. En effet, tandis que les chercheurs s\u2019appuient sur des <strong>th\u00e9ories d\u2019apprentissage empiriques<\/strong>, les enseignants forgent leurs pratiques sur des <strong>th\u00e9ories implicites<\/strong> issues d\u2019observations personnelles ou de leur parcours scolaire (Lortie, 1975; Stern, 1983). Pour am\u00e9liorer la formation, il est essentiel de partir des <strong>pratiques actuelles<\/strong> et des <strong>connaissances des enseignants<\/strong>.<\/p>\n\n\n\n<p class=\"wp-block-paragraph\">Cette approche s\u2019applique \u00e9galement \u00e0 la conception des cours, o\u00f9 il vaut mieux accompagner les \u00e9tudiants en formation dans des situations <strong>r\u00e9elles d\u2019enseignement-apprentissage<\/strong> plut\u00f4t que de leur pr\u00e9senter un contenu purement th\u00e9orique. Illustrer les th\u00e9ories en contexte permet de <strong>mod\u00e9liser leur utilisation<\/strong> en classe et favorise une meilleure assimilation.<\/p>\n\n\n\n<h2 class=\"wp-block-heading\">\ud83d\udcbb Exemples de pratiques p\u00e9dagogiques concr\u00e8tes<\/h2>\n\n\n\n<p class=\"wp-block-paragraph\">Dans mes cours, je favorise une p\u00e9dagogie qui invite les \u00e9tudiants \u00e0 d\u00e9velopper un <strong>regard critique sur les ressources<\/strong> utilis\u00e9es, en montrant par exemple que certains mat\u00e9riaux, bien que r\u00e9pandus, sont peu adapt\u00e9s \u00e0 un <strong>apprentissage significatif<\/strong>. J\u2019int\u00e8gre aussi des exemples authentiques issus de <strong>supports vari\u00e9s<\/strong> (films, articles, \u00e9criteaux) pour illustrer le concept de <strong>Grammar in the wild<\/strong> (van Lier, 2012) et enrichir ainsi la r\u00e9flexion sur la didactique.<\/p>\n\n\n\n<p class=\"wp-block-paragraph\">Ces approches ont un v\u00e9ritable impact sur le <strong>d\u00e9veloppement des connaissances p\u00e9dagogiques<\/strong> des futurs enseignants. En t\u00e9moigne une ancienne \u00e9tudiante qui a pu mobiliser ces acquis d\u00e8s son premier <strong>stage en milieu alpha-francisation<\/strong>, concevant une s\u00e9quence engageante pour des adultes en initiation \u00e0 la litt\u00e9ratie.<\/p>\n\n\n\n<h2 class=\"wp-block-heading\">\ud83d\udcda Projets et collaborations pour faire vivre le lien<\/h2>\n\n\n\n<p class=\"wp-block-paragraph\">En Alberta, avec une \u00e9quipe de chercheurs et de conseillers p\u00e9dagogiques, nous travaillons \u00e0 promouvoir l\u2019approche bas\u00e9e sur les t\u00e2ches (TBLT) dans les \u00e9coles. Apr\u00e8s des ateliers et une plateforme Web proposant des ressources et un forum, nous explorons aujourd\u2019hui le r\u00f4le des <strong>passeurs de savoirs<\/strong>, qui servent d\u2019<strong>interm\u00e9diaires essentiels<\/strong> entre recherche et enseignants. Ces passeurs relaient les besoins, r\u00e9sistances, et r\u00e9ussites observ\u00e9es, permettant aux chercheurs d\u2019<strong>adapter leurs r\u00e9ponses<\/strong> et aux praticiens de b\u00e9n\u00e9ficier de solutions fond\u00e9es sur la recherche.<\/p>\n\n\n\n<p class=\"wp-block-paragraph\">Le mod\u00e8le de Borg (1998) souligne que <strong>divers facteurs influencent<\/strong> les d\u00e9cisions p\u00e9dagogiques, et pour qu\u2019une vraie collaboration s\u2019instaure, il faut comprendre le contexte des enseignants. Des <strong>partenariats durables<\/strong> entre universitaires et milieux scolaires se multiplient, illustrant un changement positif dans le monde de la didactique.<\/p>\n\n\n\n<h2 class=\"wp-block-heading\">\ud83c\udf0d Perspectives pour l\u2019avenir<\/h2>\n\n\n\n<p class=\"wp-block-paragraph\">Il serait pertinent d\u2019\u00e9tudier empiriquement <strong>l\u2019\u00e9volution du foss\u00e9<\/strong> entre recherche et pratique : r\u00e9tr\u00e9cit-il, stagne-t-il ou s\u2019\u00e9largit-il ? Une analyse men\u00e9e sur les <strong>manuels de formation<\/strong> montre une disparit\u00e9 dans l\u2019int\u00e9gration des r\u00e9sultats de recherche, certains \u00e9voluant positivement, d\u2019autres restant d\u00e9connect\u00e9s. \u00c9tendre ce type d\u2019\u00e9tude \u00e0 d\u2019autres domaines, comme la pragmatique, o\u00f9 le m\u00e9talangage demeure tr\u00e8s abstrait, pourrait \u00e9clairer les efforts de diss\u00e9mination encore n\u00e9cessaires.<\/p>\n\n\n\n<figure class=\"article-image\" style=\"margin: 0px 0; margin-bottom: 1.5em;\">\n    <img decoding=\"async\" src=\"https:\/\/community.camerisefsl.ca\/wp-content\/uploads\/2026\/04\/image1-4.jpg\" style=\"\n      width: 100%;\n      max-height: 350px;\n      border-radius: 7px;\n      object-fit: cover;\n      display: block;\n    \" \/>\n  <\/figure>\n\n\n\n<p class=\"wp-block-paragraph\">Nous esp\u00e9rons que notre communaut\u00e9 continuera d\u2019explorer ces questions pour construire un lien <strong>durable et multidimensionnel<\/strong> entre <strong>recherche et enseignement<\/strong> des langues secondes.<\/p>\n\n\n\n<p class=\"wp-block-paragraph\"><em>Version anglaise de l\u2019article traduite gr\u00e2ce \u00e0 l\u2019IA.<\/em><\/p>\n\n\n\n<h2 class=\"wp-block-heading\">Source & Cr\u00e9dits<\/h2>\n\n\n\n<p class=\"wp-block-paragraph\">Auteur : <strong>Leila Ranta, Suzie Beaulieu<\/strong><\/p>\n\n\n\n<p class=\"wp-block-paragraph\">Article original : <a href=\"https:\/\/www.erudit.org\/fr\/revues\/aqelfs\/2023-v36-n1-aqelfs09005\/1108568ar\/\" target=\"_blank\">https:\/\/www.erudit.org\/fr\/revues\/aqelfs\/2023-v36-n1-aqelfs09005\/1108568ar\/<\/a><\/p>\n<button class=\"simplefavorite-button\" data-postid=\"8293\" data-siteid=\"1\" data-groupid=\"1\" data-favoritecount=\"1\" style=\"\">Ajouter aux favoris<\/button>","protected":false},"excerpt":{"rendered":"<p>Le lien entre la recherche scientifique et la pratique en didactique des langues secondes (L2) suscite un vif int\u00e9r\u00eat depuis les ann\u00e9es 90. Initiatives vari\u00e9es visent \u00e0 rendre les r\u00e9sultats de la recherche accessibles aux enseignants, comme les r\u00e9sum\u00e9s Open Accessible Summaries in Language Studies (OASIS), des bases de donn\u00e9es de t\u00e2ches TBLT, ou les congr\u00e8s professionnels. Pourtant, malgr\u00e9 ces ressources, un dialogue productif entre chercheurs et praticiens reste difficile \u00e0 instaurer. \ud83c\udf93 R\u00e9flexions personnelles\u2026<\/p>\n","protected":false},"author":5,"featured_media":5282,"comment_status":"open","ping_status":"open","sticky":false,"template":"","format":"standard","meta":{"footnotes":""},"categories":[116,117],"tags":[620,621,167,622,619],"class_list":["post-8293","post","type-post","status-publish","format-standard","has-post-thumbnail","hentry","category-aqefls","category-didactique-du-fles","tag-apprentissage-significatif","tag-collaboration-enseignants-chercheurs","tag-didactique-des-langues","tag-pratique-pedagogique","tag-recherche-scientifique"],"comments_count":"0","author_avatar_url":"https:\/\/community.camerisefsl.ca\/wp-content\/uploads\/avatars\/5\/68e8d433b38ca-bpthumb.jpg","primary_category_label":"AQEFLS","content_native":[{"type":"core\/paragraph","render":"<p class=\"wp-block-paragraph\">Le lien entre la <strong>recherche scientifique<\/strong> et la <strong>pratique en didactique<\/strong> des langues secondes (L2) suscite un vif int\u00e9r\u00eat depuis les ann\u00e9es 90. <strong>Initiatives vari\u00e9es<\/strong> visent \u00e0 rendre les r\u00e9sultats de la recherche accessibles aux enseignants, comme les r\u00e9sum\u00e9s Open Accessible Summaries in Language Studies (OASIS), des bases de donn\u00e9es de t\u00e2ches TBLT, ou les congr\u00e8s professionnels. Pourtant, malgr\u00e9 ces ressources, un <strong>dialogue productif<\/strong> entre chercheurs et praticiens reste difficile \u00e0 instaurer.<\/p>","content":[{"type":"text","data":"<p class=\"wp-block-paragraph\">Le lien entre la <strong>recherche scientifique<\/strong> et la <strong>pratique en didactique<\/strong> des langues secondes (L2) suscite un vif int\u00e9r\u00eat depuis les ann\u00e9es 90. <strong>Initiatives vari\u00e9es<\/strong> visent \u00e0 rendre les r\u00e9sultats de la recherche accessibles aux enseignants, comme les r\u00e9sum\u00e9s Open Accessible Summaries in Language Studies (OASIS), des bases de donn\u00e9es de t\u00e2ches TBLT, ou les congr\u00e8s professionnels. Pourtant, malgr\u00e9 ces ressources, un <strong>dialogue productif<\/strong> entre chercheurs et praticiens reste difficile \u00e0 instaurer.<\/p>"}],"data":[],"style":{"textAlign":"left","color":"","dropCap":false,"parent_style":{}}},{"type":"core\/heading","render":"<h2 class=\"wp-block-heading\">\ud83c\udf93 R\u00e9flexions personnelles sur le lien recherche-pratique<\/h2>","content":"\ud83c\udf93 R\u00e9flexions personnelles sur le lien recherche-pratique","data":[],"style":{"align":"left","parent_style":{},"header":"h2","fontSize":"27px"}},{"type":"core\/paragraph","render":"<p class=\"wp-block-paragraph\">D\u00e8s mes d\u00e9buts universitaires, j\u2019ai constat\u00e9 que le contenu propos\u00e9 dans les formations ne suffisait pas \u00e0 outiller efficacement les futurs enseignants. <strong>Les connaissances sont souvent trop th\u00e9oriques<\/strong> et paraissent parfois comme des <strong>connaissances inertes<\/strong> difficilement recyclables en contexte p\u00e9dagogique. En effet, tandis que les chercheurs s\u2019appuient sur des <strong>th\u00e9ories d\u2019apprentissage empiriques<\/strong>, les enseignants forgent leurs pratiques sur des <strong>th\u00e9ories implicites<\/strong> issues d\u2019observations personnelles ou de leur parcours scolaire (Lortie, 1975; Stern, 1983). Pour am\u00e9liorer la formation, il est essentiel de partir des <strong>pratiques actuelles<\/strong> et des <strong>connaissances des enseignants<\/strong>.<\/p>","content":[{"type":"text","data":"<p class=\"wp-block-paragraph\">D\u00e8s mes d\u00e9buts universitaires, j\u2019ai constat\u00e9 que le contenu propos\u00e9 dans les formations ne suffisait pas \u00e0 outiller efficacement les futurs enseignants. <strong>Les connaissances sont souvent trop th\u00e9oriques<\/strong> et paraissent parfois comme des <strong>connaissances inertes<\/strong> difficilement recyclables en contexte p\u00e9dagogique. En effet, tandis que les chercheurs s\u2019appuient sur des <strong>th\u00e9ories d\u2019apprentissage empiriques<\/strong>, les enseignants forgent leurs pratiques sur des <strong>th\u00e9ories implicites<\/strong> issues d\u2019observations personnelles ou de leur parcours scolaire (Lortie, 1975; Stern, 1983). Pour am\u00e9liorer la formation, il est essentiel de partir des <strong>pratiques actuelles<\/strong> et des <strong>connaissances des enseignants<\/strong>.<\/p>"}],"data":[],"style":{"textAlign":"left","color":"","dropCap":false,"parent_style":{}}},{"type":"core\/paragraph","render":"<p class=\"wp-block-paragraph\">Cette approche s\u2019applique \u00e9galement \u00e0 la conception des cours, o\u00f9 il vaut mieux accompagner les \u00e9tudiants en formation dans des situations <strong>r\u00e9elles d'enseignement-apprentissage<\/strong> plut\u00f4t que de leur pr\u00e9senter un contenu purement th\u00e9orique. Illustrer les th\u00e9ories en contexte permet de <strong>mod\u00e9liser leur utilisation<\/strong> en classe et favorise une meilleure assimilation.<\/p>","content":[{"type":"text","data":"<p class=\"wp-block-paragraph\">Cette approche s\u2019applique \u00e9galement \u00e0 la conception des cours, o\u00f9 il vaut mieux accompagner les \u00e9tudiants en formation dans des situations <strong>r\u00e9elles d'enseignement-apprentissage<\/strong> plut\u00f4t que de leur pr\u00e9senter un contenu purement th\u00e9orique. Illustrer les th\u00e9ories en contexte permet de <strong>mod\u00e9liser leur utilisation<\/strong> en classe et favorise une meilleure assimilation.<\/p>"}],"data":[],"style":{"textAlign":"left","color":"","dropCap":false,"parent_style":{}}},{"type":"core\/heading","render":"<h2 class=\"wp-block-heading\">\ud83d\udcbb Exemples de pratiques p\u00e9dagogiques concr\u00e8tes<\/h2>","content":"\ud83d\udcbb Exemples de pratiques p\u00e9dagogiques concr\u00e8tes","data":[],"style":{"align":"left","parent_style":{},"header":"h2","fontSize":"27px"}},{"type":"core\/paragraph","render":"<p class=\"wp-block-paragraph\">Dans mes cours, je favorise une p\u00e9dagogie qui invite les \u00e9tudiants \u00e0 d\u00e9velopper un <strong>regard critique sur les ressources<\/strong> utilis\u00e9es, en montrant par exemple que certains mat\u00e9riaux, bien que r\u00e9pandus, sont peu adapt\u00e9s \u00e0 un <strong>apprentissage significatif<\/strong>. J\u2019int\u00e8gre aussi des exemples authentiques issus de <strong>supports vari\u00e9s<\/strong> (films, articles, \u00e9criteaux) pour illustrer le concept de <strong>Grammar in the wild<\/strong> (van Lier, 2012) et enrichir ainsi la r\u00e9flexion sur la didactique.<\/p>","content":[{"type":"text","data":"<p class=\"wp-block-paragraph\">Dans mes cours, je favorise une p\u00e9dagogie qui invite les \u00e9tudiants \u00e0 d\u00e9velopper un <strong>regard critique sur les ressources<\/strong> utilis\u00e9es, en montrant par exemple que certains mat\u00e9riaux, bien que r\u00e9pandus, sont peu adapt\u00e9s \u00e0 un <strong>apprentissage significatif<\/strong>. J\u2019int\u00e8gre aussi des exemples authentiques issus de <strong>supports vari\u00e9s<\/strong> (films, articles, \u00e9criteaux) pour illustrer le concept de <strong>Grammar in the wild<\/strong> (van Lier, 2012) et enrichir ainsi la r\u00e9flexion sur la didactique.<\/p>"}],"data":[],"style":{"textAlign":"left","color":"","dropCap":false,"parent_style":{}}},{"type":"core\/paragraph","render":"<p class=\"wp-block-paragraph\">Ces approches ont un v\u00e9ritable impact sur le <strong>d\u00e9veloppement des connaissances p\u00e9dagogiques<\/strong> des futurs enseignants. En t\u00e9moigne une ancienne \u00e9tudiante qui a pu mobiliser ces acquis d\u00e8s son premier <strong>stage en milieu alpha-francisation<\/strong>, concevant une s\u00e9quence engageante pour des adultes en initiation \u00e0 la litt\u00e9ratie.<\/p>","content":[{"type":"text","data":"<p class=\"wp-block-paragraph\">Ces approches ont un v\u00e9ritable impact sur le <strong>d\u00e9veloppement des connaissances p\u00e9dagogiques<\/strong> des futurs enseignants. En t\u00e9moigne une ancienne \u00e9tudiante qui a pu mobiliser ces acquis d\u00e8s son premier <strong>stage en milieu alpha-francisation<\/strong>, concevant une s\u00e9quence engageante pour des adultes en initiation \u00e0 la litt\u00e9ratie.<\/p>"}],"data":[],"style":{"textAlign":"left","color":"","dropCap":false,"parent_style":{}}},{"type":"core\/heading","render":"<h2 class=\"wp-block-heading\">\ud83d\udcda Projets et collaborations pour faire vivre le lien<\/h2>","content":"\ud83d\udcda Projets et collaborations pour faire vivre le lien","data":[],"style":{"align":"left","parent_style":{},"header":"h2","fontSize":"27px"}},{"type":"core\/paragraph","render":"<p class=\"wp-block-paragraph\">En Alberta, avec une \u00e9quipe de chercheurs et de conseillers p\u00e9dagogiques, nous travaillons \u00e0 promouvoir l\u2019approche bas\u00e9e sur les t\u00e2ches (TBLT) dans les \u00e9coles. Apr\u00e8s des ateliers et une plateforme Web proposant des ressources et un forum, nous explorons aujourd\u2019hui le r\u00f4le des <strong>passeurs de savoirs<\/strong>, qui servent d\u2019<strong>interm\u00e9diaires essentiels<\/strong> entre recherche et enseignants. Ces passeurs relaient les besoins, r\u00e9sistances, et r\u00e9ussites observ\u00e9es, permettant aux chercheurs d\u2019<strong>adapter leurs r\u00e9ponses<\/strong> et aux praticiens de b\u00e9n\u00e9ficier de solutions fond\u00e9es sur la recherche.<\/p>","content":[{"type":"text","data":"<p class=\"wp-block-paragraph\">En Alberta, avec une \u00e9quipe de chercheurs et de conseillers p\u00e9dagogiques, nous travaillons \u00e0 promouvoir l\u2019approche bas\u00e9e sur les t\u00e2ches (TBLT) dans les \u00e9coles. Apr\u00e8s des ateliers et une plateforme Web proposant des ressources et un forum, nous explorons aujourd\u2019hui le r\u00f4le des <strong>passeurs de savoirs<\/strong>, qui servent d\u2019<strong>interm\u00e9diaires essentiels<\/strong> entre recherche et enseignants. Ces passeurs relaient les besoins, r\u00e9sistances, et r\u00e9ussites observ\u00e9es, permettant aux chercheurs d\u2019<strong>adapter leurs r\u00e9ponses<\/strong> et aux praticiens de b\u00e9n\u00e9ficier de solutions fond\u00e9es sur la recherche.<\/p>"}],"data":[],"style":{"textAlign":"left","color":"","dropCap":false,"parent_style":{}}},{"type":"core\/paragraph","render":"<p class=\"wp-block-paragraph\">Le mod\u00e8le de Borg (1998) souligne que <strong>divers facteurs influencent<\/strong> les d\u00e9cisions p\u00e9dagogiques, et pour qu\u2019une vraie collaboration s\u2019instaure, il faut comprendre le contexte des enseignants. Des <strong>partenariats durables<\/strong> entre universitaires et milieux scolaires se multiplient, illustrant un changement positif dans le monde de la didactique.<\/p>","content":[{"type":"text","data":"<p class=\"wp-block-paragraph\">Le mod\u00e8le de Borg (1998) souligne que <strong>divers facteurs influencent<\/strong> les d\u00e9cisions p\u00e9dagogiques, et pour qu\u2019une vraie collaboration s\u2019instaure, il faut comprendre le contexte des enseignants. Des <strong>partenariats durables<\/strong> entre universitaires et milieux scolaires se multiplient, illustrant un changement positif dans le monde de la didactique.<\/p>"}],"data":[],"style":{"textAlign":"left","color":"","dropCap":false,"parent_style":{}}},{"type":"core\/heading","render":"<h2 class=\"wp-block-heading\">\ud83c\udf0d Perspectives pour l\u2019avenir<\/h2>","content":"\ud83c\udf0d Perspectives pour l\u2019avenir","data":[],"style":{"align":"left","parent_style":{},"header":"h2","fontSize":"27px"}},{"type":"core\/paragraph","render":"<p class=\"wp-block-paragraph\">Il serait pertinent d\u2019\u00e9tudier empiriquement <strong>l\u2019\u00e9volution du foss\u00e9<\/strong> entre recherche et pratique : r\u00e9tr\u00e9cit-il, stagne-t-il ou s\u2019\u00e9largit-il ? Une analyse men\u00e9e sur les <strong>manuels de formation<\/strong> montre une disparit\u00e9 dans l\u2019int\u00e9gration des r\u00e9sultats de recherche, certains \u00e9voluant positivement, d\u2019autres restant d\u00e9connect\u00e9s. \u00c9tendre ce type d\u2019\u00e9tude \u00e0 d\u2019autres domaines, comme la pragmatique, o\u00f9 le m\u00e9talangage demeure tr\u00e8s abstrait, pourrait \u00e9clairer les efforts de diss\u00e9mination encore n\u00e9cessaires.<\/p>","content":[{"type":"text","data":"<p class=\"wp-block-paragraph\">Il serait pertinent d\u2019\u00e9tudier empiriquement <strong>l\u2019\u00e9volution du foss\u00e9<\/strong> entre recherche et pratique : r\u00e9tr\u00e9cit-il, stagne-t-il ou s\u2019\u00e9largit-il ? Une analyse men\u00e9e sur les <strong>manuels de formation<\/strong> montre une disparit\u00e9 dans l\u2019int\u00e9gration des r\u00e9sultats de recherche, certains \u00e9voluant positivement, d\u2019autres restant d\u00e9connect\u00e9s. \u00c9tendre ce type d\u2019\u00e9tude \u00e0 d\u2019autres domaines, comme la pragmatique, o\u00f9 le m\u00e9talangage demeure tr\u00e8s abstrait, pourrait \u00e9clairer les efforts de diss\u00e9mination encore n\u00e9cessaires.<\/p>"}],"data":[],"style":{"textAlign":"left","color":"","dropCap":false,"parent_style":{}}},{"type":"core\/html","render":"<figure class=\"article-image\" style=\"margin: 0px 0; margin-bottom: 1.5em;\">\n    <img src=\"https:\/\/community.camerisefsl.ca\/wp-content\/uploads\/2026\/04\/image1-4.jpg\" style=\"\n      width: 100%;\n      max-height: 350px;\n      border-radius: 7px;\n      object-fit: cover;\n      display: block;\n    \" \/>\n  <\/figure>","content":"<figure class=\"article-image\" style=\"margin: 0px 0; margin-bottom: 1.5em;\">\n    <img src=\"https:\/\/community.camerisefsl.ca\/wp-content\/uploads\/2026\/04\/image1-4.jpg\" style=\"\n      width: 100%;\n      max-height: 350px;\n      border-radius: 7px;\n      object-fit: cover;\n      display: block;\n    \" \/>\n  <\/figure>","data":[],"style":[]},{"type":"core\/paragraph","render":"<p class=\"wp-block-paragraph\">Nous esp\u00e9rons que notre communaut\u00e9 continuera d\u2019explorer ces questions pour construire un lien <strong>durable et multidimensionnel<\/strong> entre <strong>recherche et enseignement<\/strong> des langues secondes.<\/p>","content":[{"type":"text","data":"<p class=\"wp-block-paragraph\">Nous esp\u00e9rons que notre communaut\u00e9 continuera d\u2019explorer ces questions pour construire un lien <strong>durable et multidimensionnel<\/strong> entre <strong>recherche et enseignement<\/strong> des langues secondes.<\/p>"}],"data":[],"style":{"textAlign":"left","color":"","dropCap":false,"parent_style":{}}},{"type":"core\/paragraph","render":"<p class=\"wp-block-paragraph\"><em>Version anglaise de l'article traduite gr\u00e2ce \u00e0 l'IA.<\/em><\/p>","content":[{"type":"text","data":"<p class=\"wp-block-paragraph\"><em>Version anglaise de l'article traduite gr\u00e2ce \u00e0 l'IA.<\/em><\/p>"}],"data":[],"style":{"textAlign":"left","color":"","dropCap":false,"parent_style":{}}},{"type":"core\/heading","render":"<h2 class=\"wp-block-heading\">Source &amp; Cr\u00e9dits<\/h2>","content":"Source &amp; Cr\u00e9dits","data":[],"style":{"align":"left","parent_style":{},"header":"h2","fontSize":"27px"}},{"type":"core\/paragraph","render":"<p class=\"wp-block-paragraph\">Auteur : <strong>Leila Ranta, Suzie Beaulieu<\/strong><\/p>","content":[{"type":"text","data":"<p class=\"wp-block-paragraph\">Auteur : <strong>Leila Ranta, Suzie Beaulieu<\/strong><\/p>"}],"data":[],"style":{"textAlign":"left","color":"","dropCap":false,"parent_style":{}}},{"type":"core\/paragraph","render":"<p class=\"wp-block-paragraph\">Article original : <a href=\"https:\/\/www.erudit.org\/fr\/revues\/aqelfs\/2023-v36-n1-aqelfs09005\/1108568ar\/\" target=\"_blank\">https:\/\/www.erudit.org\/fr\/revues\/aqelfs\/2023-v36-n1-aqelfs09005\/1108568ar\/<\/a><\/p>","content":[{"type":"text","data":"<p class=\"wp-block-paragraph\">Article original : <a href=\"https:\/\/www.erudit.org\/fr\/revues\/aqelfs\/2023-v36-n1-aqelfs09005\/1108568ar\/\" target=\"_blank\">https:\/\/www.erudit.org\/fr\/revues\/aqelfs\/2023-v36-n1-aqelfs09005\/1108568ar\/<\/a><\/p>"}],"data":[],"style":{"textAlign":"left","color":"","dropCap":false,"parent_style":{}}}],"wpml_current_locale":"fr_FR","wpml_translations":{"en_US":{"locale":"en_US","id":8819,"slug":"bridging-the-gap-between-research-and-practice-in-l2-pedagogy","post_title":"Bridging the gap between research and practice in L2 pedagogy","href":"https:\/\/community.camerisefsl.ca\/en\/bridging-the-gap-between-research-and-practice-in-l2-pedagogy\/"}},"app_access":{"can_access":true,"restrict_message":null},"language":{"code":"fr","locale":"","name":"","is_rtl":false},"_links":{"self":[{"href":"https:\/\/community.camerisefsl.ca\/wp-json\/wp\/v2\/posts\/8293","targetHints":{"allow":["GET"]}}],"collection":[{"href":"https:\/\/community.camerisefsl.ca\/wp-json\/wp\/v2\/posts"}],"about":[{"href":"https:\/\/community.camerisefsl.ca\/wp-json\/wp\/v2\/types\/post"}],"author":[{"embeddable":true,"href":"https:\/\/community.camerisefsl.ca\/wp-json\/wp\/v2\/users\/5"}],"replies":[{"embeddable":true,"href":"https:\/\/community.camerisefsl.ca\/wp-json\/wp\/v2\/comments?post=8293"}],"version-history":[{"count":1,"href":"https:\/\/community.camerisefsl.ca\/wp-json\/wp\/v2\/posts\/8293\/revisions"}],"predecessor-version":[{"id":8294,"href":"https:\/\/community.camerisefsl.ca\/wp-json\/wp\/v2\/posts\/8293\/revisions\/8294"}],"wp:featuredmedia":[{"embeddable":true,"href":"https:\/\/community.camerisefsl.ca\/wp-json\/wp\/v2\/media\/5282"}],"wp:attachment":[{"href":"https:\/\/community.camerisefsl.ca\/wp-json\/wp\/v2\/media?parent=8293"}],"wp:term":[{"taxonomy":"category","embeddable":true,"href":"https:\/\/community.camerisefsl.ca\/wp-json\/wp\/v2\/categories?post=8293"},{"taxonomy":"post_tag","embeddable":true,"href":"https:\/\/community.camerisefsl.ca\/wp-json\/wp\/v2\/tags?post=8293"}],"curies":[{"name":"wp","href":"https:\/\/api.w.org\/{rel}","templated":true}]}}